{"id":229,"date":"2026-08-10T11:47:08","date_gmt":"2026-08-10T14:47:08","guid":{"rendered":"https:\/\/radiogigafm.com\/?p=229"},"modified":"2026-08-10T11:47:08","modified_gmt":"2026-08-10T14:47:08","slug":"furor-por-el-petroleo-neuquino-mas-de-13-mil-inscriptos-para-capacitarse-y-entrar-a-la-industria","status":"publish","type":"post","link":"https:\/\/radiogigafm.com\/index.php\/2026\/08\/10\/furor-por-el-petroleo-neuquino-mas-de-13-mil-inscriptos-para-capacitarse-y-entrar-a-la-industria\/","title":{"rendered":"Furor por el petr\u00f3leo neuquino: m\u00e1s de 13 mil inscriptos para capacitarse y entrar a la industria"},"content":{"rendered":"\n<p class=\"has-white-color has-text-color has-link-color wp-elements-1 wp-block-paragraph\"><strong>La primera convocatoria del Instituto de Formaci\u00f3n T\u00e9cnica Vaca Muerta super\u00f3 todas las expectativas de demanda laboral en la cuenca neuquina. Los cursos arrancan en marzo y forman para los puestos m\u00e1s buscados del sector.<\/strong><\/p>\n\n\n\n<p class=\"has-white-color has-text-color has-link-color wp-elements-2 wp-block-paragraph\">La aceleraci\u00f3n productiva del no convencional contin\u00faa impactando de lleno en el mercado de trabajo de la regi\u00f3n. La convocatoria inaugural del <strong>Instituto de Formaci\u00f3n T\u00e9cnica Vaca Muerta (IVM)<\/strong> alcanz\u00f3 un hito hist\u00f3rico tras registrar <strong>m\u00e1s de 13.000 personas preinscriptas<\/strong> para sus primeros trayectos de capacitaci\u00f3n. La masiva respuesta no solo expone el atractivo que genera el desarrollo petrolero, sino tambi\u00e9n la <strong>urgente brecha entre la demanda de perfiles t\u00e9cnicos y la oferta laboral disponible<\/strong> en el sector de hidrocarburos.<\/p>\n\n\n\n<p class=\"has-white-color has-text-color has-link-color wp-elements-3 wp-block-paragraph\">El proyecto surge de un modelo de articulaci\u00f3n p\u00fablico-privada impulsado por el Gobierno de la provincia del Neuqu\u00e9n y la Municipalidad capitalina junto con un consorcio de <strong>operadoras l\u00edderes como YPF, Vista, Pluspetrol, TotalEnergies y Chevron<\/strong>. A la iniciativa se alinearon adem\u00e1s empresas clave de servicios especiales, entre las que destacan <strong>Halliburton, San Antonio Internacional, DLS Archer, Calfrac e Industrias Juan F. Secco<\/strong>.<\/p>\n\n\n\n<h3 class=\"wp-block-heading has-white-color has-text-color has-link-color wp-elements-4\"><a><\/a><strong>Especializaci\u00f3n t\u00e9cnica y respuesta inmediata a las operaciones de campo<\/strong><\/h3>\n\n\n\n<p class=\"has-white-color has-text-color has-link-color wp-elements-5 wp-block-paragraph\">La oferta formativa fue estructurada para cubrir posiciones estrat\u00e9gicas del <em>upstream<\/em> no convencional. Durante el mes de marzo dar\u00e1n inicio los primeros cursos orientados a <strong>operador de perforaci\u00f3n, operador de fractura, instrumentaci\u00f3n y seguridad operativa en yacimiento<\/strong>. El cronograma continuar\u00e1 en abril con <strong>mantenimiento mec\u00e1nico<\/strong>, mientras que en mayo se incorporar\u00e1n las especialidades de <strong>mantenimiento el\u00e9ctrico y producci\u00f3n<\/strong>. Con este esquema, el instituto prev\u00e9 <strong>capacitar entre 2.000 y 2.500 personas a lo largo de 2026<\/strong>.<\/p>\n\n\n\n<p class=\"has-white-color has-text-color has-link-color wp-elements-6 wp-block-paragraph\">&#8220;El instituto fue dise\u00f1ado junto a las principales operadoras y empresas de servicios que trabajan d\u00eda a d\u00eda en la cuenca. Eso garantiza que los programas respondan a <strong>competencias espec\u00edficas requeridas en campo<\/strong>&#8220;, destac\u00f3 Gustavo Schiappacasse, director ejecutivo de Fundaci\u00f3n YPF. El directivo remarc\u00f3 que el plan de estudios se bas\u00f3 en una <strong>investigaci\u00f3n de prospectiva sobre las ocupaciones cr\u00edticas<\/strong> que demandar\u00e1 la industria durante la pr\u00f3xima d\u00e9cada.<\/p>\n\n\n\n<h3 class=\"wp-block-heading has-white-color has-text-color has-link-color wp-elements-7\"><a><\/a><strong>Reconversi\u00f3n laboral y pr\u00f3ximos llamados<\/strong><\/h3>\n\n\n\n<p class=\"has-white-color has-text-color has-link-color wp-elements-8 wp-block-paragraph\">El elevado n\u00famero de aspirantes evidencia un acelerado <strong>proceso de reconversi\u00f3n laboral hacia la actividad energ\u00e9tica<\/strong> en Neuqu\u00e9n y zonas aleda\u00f1as. El per\u00edodo de preinscripci\u00f3n para este primer ciclo <strong>cerrar\u00e1 formalmente este 21 de febrero<\/strong> a trav\u00e9s del sitio web oficial del organismo.<\/p>\n\n\n\n<p class=\"has-white-color has-text-color has-link-color wp-elements-9 wp-block-paragraph\">Los postulantes recibir\u00e1n por correo electr\u00f3nico la <strong>confirmaci\u00f3n de la vacante asignada o la notificaci\u00f3n de su ingreso a lista de espera<\/strong>. Ante la alta demanda acumulada, las autoridades confirmaron que <strong>se abrir\u00e1n nuevos llamados en mayo y agosto<\/strong>, incorporando de manera progresiva nuevas propuestas acad\u00e9micas para acompa\u00f1ar el ritmo de contrataciones en la cuenca.<\/p>\n","protected":false},"excerpt":{"rendered":"<p>La primera convocatoria del Instituto de Formaci\u00f3n T\u00e9cnica Vaca Muerta super\u00f3 todas las expectativas de demanda laboral en la cuenca neuquina. Los cursos arrancan en marzo y forman para los puestos m\u00e1s buscados del sector. La aceleraci\u00f3n productiva del no convencional contin\u00faa impactando de lleno en el mercado de trabajo de la regi\u00f3n. La convocatoria [&hellip;]<\/p>\n","protected":false},"author":1,"featured_media":230,"comment_status":"open","ping_status":"open","sticky":false,"template":"","format":"standard","meta":{"footnotes":""},"categories":[7],"tags":[],"class_list":["post-229","post","type-post","status-publish","format-standard","has-post-thumbnail","hentry","category-salud-y-obras-publicas"],"_links":{"self":[{"href":"https:\/\/radiogigafm.com\/index.php\/wp-json\/wp\/v2\/posts\/229","targetHints":{"allow":["GET"]}}],"collection":[{"href":"https:\/\/radiogigafm.com\/index.php\/wp-json\/wp\/v2\/posts"}],"about":[{"href":"https:\/\/radiogigafm.com\/index.php\/wp-json\/wp\/v2\/types\/post"}],"author":[{"embeddable":true,"href":"https:\/\/radiogigafm.com\/index.php\/wp-json\/wp\/v2\/users\/1"}],"replies":[{"embeddable":true,"href":"https:\/\/radiogigafm.com\/index.php\/wp-json\/wp\/v2\/comments?post=229"}],"version-history":[{"count":1,"href":"https:\/\/radiogigafm.com\/index.php\/wp-json\/wp\/v2\/posts\/229\/revisions"}],"predecessor-version":[{"id":231,"href":"https:\/\/radiogigafm.com\/index.php\/wp-json\/wp\/v2\/posts\/229\/revisions\/231"}],"wp:featuredmedia":[{"embeddable":true,"href":"https:\/\/radiogigafm.com\/index.php\/wp-json\/wp\/v2\/media\/230"}],"wp:attachment":[{"href":"https:\/\/radiogigafm.com\/index.php\/wp-json\/wp\/v2\/media?parent=229"}],"wp:term":[{"taxonomy":"category","embeddable":true,"href":"https:\/\/radiogigafm.com\/index.php\/wp-json\/wp\/v2\/categories?post=229"},{"taxonomy":"post_tag","embeddable":true,"href":"https:\/\/radiogigafm.com\/index.php\/wp-json\/wp\/v2\/tags?post=229"}],"curies":[{"name":"wp","href":"https:\/\/api.w.org\/{rel}","templated":true}]}}